{"id":599,"date":"2023-02-08T08:29:35","date_gmt":"2023-02-08T08:29:35","guid":{"rendered":"https:\/\/neuroreg.uniri.hr\/?p=599"},"modified":"2023-02-08T08:29:35","modified_gmt":"2023-02-08T08:29:35","slug":"genetika-2022-ljubljana","status":"publish","type":"post","link":"https:\/\/neuroreg.uniri.hr\/?p=599","title":{"rendered":"Genetika 2022 Ljubljana"},"content":{"rendered":"\n<figure class=\"wp-block-image size-large\"><a href=\"https:\/\/neuroreg.uniri.hr\/wp-content\/uploads\/2023\/02\/genetika-Ljubljana-crop.png\"><img decoding=\"async\" loading=\"lazy\" width=\"1024\" height=\"415\" src=\"https:\/\/neuroreg.uniri.hr\/wp-content\/uploads\/2023\/02\/genetika-Ljubljana-crop-1024x415.png\" alt=\"\" class=\"wp-image-600\" srcset=\"https:\/\/neuroreg.uniri.hr\/wp-content\/uploads\/2023\/02\/genetika-Ljubljana-crop-1024x415.png 1024w, https:\/\/neuroreg.uniri.hr\/wp-content\/uploads\/2023\/02\/genetika-Ljubljana-crop-300x122.png 300w, https:\/\/neuroreg.uniri.hr\/wp-content\/uploads\/2023\/02\/genetika-Ljubljana-crop-768x311.png 768w, https:\/\/neuroreg.uniri.hr\/wp-content\/uploads\/2023\/02\/genetika-Ljubljana-crop.png 1195w\" sizes=\"(max-width: 1024px) 100vw, 1024px\" \/><\/a><\/figure>\n\n\n\n<p>Miranda Mladinic and Jelena Ban participated as invited lecturers to the <a href=\"https:\/\/2022.sgd.si\/\">9th Congress of the Genetic Society of Slovenia<\/a> held on 28-30 September 2022 with following talks:<\/p>\n\n\n\n<p>\u201eSearch for the molecules underlying neuroregeneration in opossum (<em>Monodelphis domestica<\/em>)\u201c by Miranda Mladini\u0107, Antonela Petrovi\u0107, Ivana Tomljanovi\u0107 and Jelena Ban<\/p>\n\n\n\n<p>and<\/p>\n\n\n\n<p>\u201eExpression and identification of transcription factors involved in postnatal cortical development in opossum (Monodelphis domestica)\u201c by Jelena Ban, Zrinko Bari\u010devi\u0107, Ivana Tomljanovi\u0107 and Miranda Mladini\u0107<\/p>\n\n\n\n<figure class=\"wp-block-image size-large\"><a href=\"https:\/\/neuroreg.uniri.hr\/wp-content\/uploads\/2023\/02\/IMG20220928154848-scaled.jpg\"><img decoding=\"async\" loading=\"lazy\" width=\"1024\" height=\"768\" src=\"https:\/\/neuroreg.uniri.hr\/wp-content\/uploads\/2023\/02\/IMG20220928154848-1024x768.jpg\" alt=\"\" class=\"wp-image-602\" srcset=\"https:\/\/neuroreg.uniri.hr\/wp-content\/uploads\/2023\/02\/IMG20220928154848-1024x768.jpg 1024w, https:\/\/neuroreg.uniri.hr\/wp-content\/uploads\/2023\/02\/IMG20220928154848-300x225.jpg 300w, https:\/\/neuroreg.uniri.hr\/wp-content\/uploads\/2023\/02\/IMG20220928154848-768x576.jpg 768w, https:\/\/neuroreg.uniri.hr\/wp-content\/uploads\/2023\/02\/IMG20220928154848-1536x1152.jpg 1536w, https:\/\/neuroreg.uniri.hr\/wp-content\/uploads\/2023\/02\/IMG20220928154848-2048x1536.jpg 2048w\" sizes=\"(max-width: 1024px) 100vw, 1024px\" \/><\/a><\/figure>\n\n\n\n<figure class=\"wp-block-image size-large\"><a href=\"https:\/\/neuroreg.uniri.hr\/wp-content\/uploads\/2023\/02\/IMG-20220929-WA0025-crop.jpg\"><img decoding=\"async\" loading=\"lazy\" width=\"1024\" height=\"641\" src=\"https:\/\/neuroreg.uniri.hr\/wp-content\/uploads\/2023\/02\/IMG-20220929-WA0025-crop-1024x641.jpg\" alt=\"\" class=\"wp-image-601\" srcset=\"https:\/\/neuroreg.uniri.hr\/wp-content\/uploads\/2023\/02\/IMG-20220929-WA0025-crop-1024x641.jpg 1024w, https:\/\/neuroreg.uniri.hr\/wp-content\/uploads\/2023\/02\/IMG-20220929-WA0025-crop-300x188.jpg 300w, https:\/\/neuroreg.uniri.hr\/wp-content\/uploads\/2023\/02\/IMG-20220929-WA0025-crop-768x481.jpg 768w, https:\/\/neuroreg.uniri.hr\/wp-content\/uploads\/2023\/02\/IMG-20220929-WA0025-crop.jpg 1496w\" sizes=\"(max-width: 1024px) 100vw, 1024px\" \/><\/a><\/figure>\n","protected":false},"excerpt":{"rendered":"<p>Miranda Mladinic and Jelena Ban participated as invited lecturers to the 9th Congress of the Genetic Society of Slovenia held on 28-30 September 2022 with following talks: \u201eSearch for the molecules underlying neuroregeneration in opossum (Monodelphis domestica)\u201c by Miranda Mladini\u0107, Antonela Petrovi\u0107, Ivana Tomljanovi\u0107 and Jelena Ban and \u201eExpression and identification of transcription factors involved [&hellip;]<\/p>\n","protected":false},"author":2,"featured_media":0,"comment_status":"closed","ping_status":"closed","sticky":false,"template":"","format":"standard","meta":[],"categories":[1],"tags":[],"_links":{"self":[{"href":"https:\/\/neuroreg.uniri.hr\/index.php?rest_route=\/wp\/v2\/posts\/599"}],"collection":[{"href":"https:\/\/neuroreg.uniri.hr\/index.php?rest_route=\/wp\/v2\/posts"}],"about":[{"href":"https:\/\/neuroreg.uniri.hr\/index.php?rest_route=\/wp\/v2\/types\/post"}],"author":[{"embeddable":true,"href":"https:\/\/neuroreg.uniri.hr\/index.php?rest_route=\/wp\/v2\/users\/2"}],"replies":[{"embeddable":true,"href":"https:\/\/neuroreg.uniri.hr\/index.php?rest_route=%2Fwp%2Fv2%2Fcomments&post=599"}],"version-history":[{"count":1,"href":"https:\/\/neuroreg.uniri.hr\/index.php?rest_route=\/wp\/v2\/posts\/599\/revisions"}],"predecessor-version":[{"id":603,"href":"https:\/\/neuroreg.uniri.hr\/index.php?rest_route=\/wp\/v2\/posts\/599\/revisions\/603"}],"wp:attachment":[{"href":"https:\/\/neuroreg.uniri.hr\/index.php?rest_route=%2Fwp%2Fv2%2Fmedia&parent=599"}],"wp:term":[{"taxonomy":"category","embeddable":true,"href":"https:\/\/neuroreg.uniri.hr\/index.php?rest_route=%2Fwp%2Fv2%2Fcategories&post=599"},{"taxonomy":"post_tag","embeddable":true,"href":"https:\/\/neuroreg.uniri.hr\/index.php?rest_route=%2Fwp%2Fv2%2Ftags&post=599"}],"curies":[{"name":"wp","href":"https:\/\/api.w.org\/{rel}","templated":true}]}}